{"id":1345,"date":"2025-10-02T00:04:21","date_gmt":"2025-10-01T22:04:21","guid":{"rendered":"http:\/\/kulturverein-stadtlandfluss.de\/?p=1345"},"modified":"2026-01-28T15:32:49","modified_gmt":"2026-01-28T14:32:49","slug":"opernabend-2","status":"publish","type":"post","link":"http:\/\/kulturverein-stadtlandfluss.de\/?p=1345","title":{"rendered":"una anima \u2022 Opernabend"},"content":{"rendered":"<p><strong><img loading=\"lazy\" decoding=\"async\" class=\"alignleft size-medium wp-image-1462\" src=\"http:\/\/kulturverein-stadtlandfluss.de\/wp\/wp-content\/uploads\/2025\/10\/Bildschirmfoto-2025-10-24-um-16.07.00-300x197.png\" alt=\"\" width=\"300\" height=\"197\" srcset=\"http:\/\/kulturverein-stadtlandfluss.de\/wp\/wp-content\/uploads\/2025\/10\/Bildschirmfoto-2025-10-24-um-16.07.00-300x197.png 300w, http:\/\/kulturverein-stadtlandfluss.de\/wp\/wp-content\/uploads\/2025\/10\/Bildschirmfoto-2025-10-24-um-16.07.00-1024x671.png 1024w, http:\/\/kulturverein-stadtlandfluss.de\/wp\/wp-content\/uploads\/2025\/10\/Bildschirmfoto-2025-10-24-um-16.07.00-768x503.png 768w, http:\/\/kulturverein-stadtlandfluss.de\/wp\/wp-content\/uploads\/2025\/10\/Bildschirmfoto-2025-10-24-um-16.07.00-1536x1006.png 1536w, http:\/\/kulturverein-stadtlandfluss.de\/wp\/wp-content\/uploads\/2025\/10\/Bildschirmfoto-2025-10-24-um-16.07.00-2048x1342.png 2048w, http:\/\/kulturverein-stadtlandfluss.de\/wp\/wp-content\/uploads\/2025\/10\/Bildschirmfoto-2025-10-24-um-16.07.00-619x406.png 619w\" sizes=\"auto, (max-width: 300px) 100vw, 300px\" \/><span style=\"font-size: 14pt;\">Samstag, 29. November<\/span><\/strong><span style=\"font-size: 14pt;\"> <strong>\u2022 19 Uhr<\/strong> <\/span><\/p>\n<p><strong>Agnes Selma Weiland \u2022 Sopran<br \/>\nLuis Olivares Sandoval \u2022 Tenor<br \/>\nSuwon Kim \u2022 Klavier<\/strong><\/p>\n<p>Deutschland, Chile, Korea, drei L\u00e4nder, drei Kontinente, drei Kulturen, verbunden in einem gemeinsamen Geist, einer Seele, der Musik und dem gro\u00dfartigen Gesang aus Oper und Operette.<\/p>\n<p>Hier der <a href=\"http:\/\/kulturverein-stadtlandfluss.de\/wp\/wp-content\/uploads\/2025\/12\/ArtikelUnaAnima-1.12.25-Kreisblatt.png\">Konzertbericht in der Kreiszeitung<\/a> von Simone Brauns B\u00f6mermann<\/p>\n<p><!--more--><\/p>\n<p>Mit Agnes Selma Weiland kommt eine Sopranistin nach Rechtern, die international auf vielen B\u00fchnen das Publikum und die Fachpresse begeistert und beeindruckt. So sparen Kritiker*innen nicht mit Lob und gro\u00dfen Worten. Ihre Vielseitigkeit wird von &#8222;fulminant&#8220; bis &#8222;verzaubernd&#8220; und ihre Stimme von &#8222;spielerisch leicht&#8220; bis &#8222;dramatisch warmes Timbre&#8220; beschrieben.<\/p>\n<p>Der chilenische Tenor Luis Olivares Sandoval ist unserem Publikum schon bekannt. Luis ist unser Kontakt in die Welt der gro\u00dfen Stimmen und plant die Opernabende bei uns. Er ist Mitglied im Opernensemble des Bremer Theaters und beherrscht alle Rollen seines Fachs von Verdi bis Mozart. &#8222;Luis Olivares Sandoval ist ein Theatermensch, einer der f\u00fcr die B\u00fchne denkt und f\u00fcr das Theater lebt.&#8220; schreibt Musiktheaterdramaturgin Brigitte Heusinger.<\/p>\n<p>Am Roten Klavier begleitet die Pianistin und Repetitorin Suwon Kim die Gesangspartien mit Perfektion und gro\u00dfem Einf\u00fchlungsverm\u00f6gen. Mit Leichtigkeit und Charme ersetzt Suwon das Orchester und bringt auch schwierige Passagen zum Klingen.<\/p>\n<p>An diesem Abend stehen Arien und Duette aus Operetten und Opern von Franz Lehar bis Giacomo Puccini und zu guter Letzt noch Tango und Rumba auf dem Programm.<\/p>\n<p>Eintritt 25 \u20ac<br \/>\nKarten gibt es hier:<br \/>\n<a href=\"mailto:info@kulturverein-stadtlandfluss.de?subject=Kartenbestellung Opernabend\">info@kulturverein-stadtlandfluss.de<\/a><br \/>\n05442 457<br \/>\nBibliothek Barnstorf<\/p>\n","protected":false},"excerpt":{"rendered":"<p>Samstag, 29. November \u2022 19 Uhr Agnes Selma Weiland \u2022 Sopran Luis Olivares Sandoval \u2022 Tenor Suwon Kim \u2022 Klavier Deutschland, Chile, Korea, drei L\u00e4nder, drei Kontinente, drei Kulturen, verbunden in einem gemeinsamen Geist, einer Seele, der Musik und dem gro\u00dfartigen Gesang aus Oper und Operette. Hier der Konzertbericht in der Kreiszeitung von Simone Brauns [&hellip;]<\/p>\n","protected":false},"author":1,"featured_media":0,"comment_status":"closed","ping_status":"open","sticky":false,"template":"","format":"standard","meta":{"footnotes":""},"categories":[1],"tags":[26,37,32,40,25,35,29,30,24,34,36,42,31,27,38,33,41,39,23,28],"class_list":["post-1345","post","type-post","status-publish","format-standard","hentry","category-allgemein","tag-agnes","tag-barnstorf","tag-kim","tag-klavier","tag-konzert","tag-lehar","tag-luis","tag-olivares","tag-oper","tag-puccini","tag-rechtern","tag-rumba","tag-sandoval","tag-selma","tag-sopran","tag-suwon","tag-tango","tag-tenor","tag-una-anima","tag-weiland"],"_links":{"self":[{"href":"http:\/\/kulturverein-stadtlandfluss.de\/index.php?rest_route=\/wp\/v2\/posts\/1345","targetHints":{"allow":["GET"]}}],"collection":[{"href":"http:\/\/kulturverein-stadtlandfluss.de\/index.php?rest_route=\/wp\/v2\/posts"}],"about":[{"href":"http:\/\/kulturverein-stadtlandfluss.de\/index.php?rest_route=\/wp\/v2\/types\/post"}],"author":[{"embeddable":true,"href":"http:\/\/kulturverein-stadtlandfluss.de\/index.php?rest_route=\/wp\/v2\/users\/1"}],"replies":[{"embeddable":true,"href":"http:\/\/kulturverein-stadtlandfluss.de\/index.php?rest_route=%2Fwp%2Fv2%2Fcomments&post=1345"}],"version-history":[{"count":38,"href":"http:\/\/kulturverein-stadtlandfluss.de\/index.php?rest_route=\/wp\/v2\/posts\/1345\/revisions"}],"predecessor-version":[{"id":1546,"href":"http:\/\/kulturverein-stadtlandfluss.de\/index.php?rest_route=\/wp\/v2\/posts\/1345\/revisions\/1546"}],"wp:attachment":[{"href":"http:\/\/kulturverein-stadtlandfluss.de\/index.php?rest_route=%2Fwp%2Fv2%2Fmedia&parent=1345"}],"wp:term":[{"taxonomy":"category","embeddable":true,"href":"http:\/\/kulturverein-stadtlandfluss.de\/index.php?rest_route=%2Fwp%2Fv2%2Fcategories&post=1345"},{"taxonomy":"post_tag","embeddable":true,"href":"http:\/\/kulturverein-stadtlandfluss.de\/index.php?rest_route=%2Fwp%2Fv2%2Ftags&post=1345"}],"curies":[{"name":"wp","href":"https:\/\/api.w.org\/{rel}","templated":true}]}}